{"id":1595,"date":"2025-09-22T13:11:15","date_gmt":"2025-09-22T16:11:15","guid":{"rendered":"https:\/\/fundacionsangenaro.org.ar\/?p=1595"},"modified":"2025-09-22T13:11:16","modified_gmt":"2025-09-22T16:11:16","slug":"un-viaje-que-sana","status":"publish","type":"post","link":"https:\/\/fundacionsangenaro.org.ar\/en\/un-viaje-que-sana\/","title":{"rendered":"Where Health Finds Its Way"},"content":{"rendered":"<p>In the most remote rural areas of the country, where roads are unpaved and the nearest hospital is hours away, healthcare reaches communities in pickup trucks\u2014right where it\u2019s needed most: at school.<\/p>\n\n\n\n<p>Every year, our team of volunteers travels to Santiago del Estero to provide primary healthcare services. This time, the schools of Puente del Saladillo, Horcos Tucucuna, Taco Isla, La Totorilla, El Laurel, and El Mistol were transformed into health centers for a week.<\/p>\n\n\n\n<p>Pediatricians, nutritionists, and social workers offered check-ups and care to 128 children and their families. Each day was a chance to listen to their stories, to witness the strength of these communities, and to renew our commitment to a right that still feels distant for many: access to healthcare.<\/p>\n\n\n\n<p>But this work goes beyond medical attention. It\u2019s about building trust, offering close support, and ensuring continued follow-up with every visit. It\u2019s about names and faces\u2014real lives\u2014that deserve to be cared for.<\/p>\n\n\n\n<p>We are deeply thankful to each volunteer who joined this journey with a shared conviction: healthcare should reach everyone, no matter how far they live. And that\u2019s only possible thanks to committed professionals who travel for miles, carrying their scrubs and tools to uphold a right that brings us together\u2014the right to be healthy.<\/p>\n\n\n\n<p>This journey reminds us that, even when the roads are long and the communities isolated, solidarity and commitment can make health care a tangible, transformative, and deeply human experience. Because every gesture, every appointment, and every smile leaves a lasting mark\u2014on those who receive, and on those who give. A reminder that care is also a form of hope.<\/p>","protected":false},"excerpt":{"rendered":"<p>En los parajes rurales m\u00e1s remotos del pa\u00eds, donde los caminos son de tierra y el acceso a un hospital puede ser algo muy lejano, la salud llega en camionetas a las escuelas, al encuentro de quienes m\u00e1s la necesitan. Cada a\u00f1o, nuestro equipo de voluntarias viaja a Santiago del Estero para brindar atenci\u00f3n primaria. [&hellip;]<\/p>\n","protected":false},"author":2,"featured_media":1596,"comment_status":"closed","ping_status":"open","sticky":false,"template":"","format":"standard","meta":{"inline_featured_image":false,"footnotes":""},"categories":[1],"tags":[],"class_list":["post-1595","post","type-post","status-publish","format-standard","has-post-thumbnail","hentry","category-sin-categoria"],"yoast_head":"<!-- This site is optimized with the Yoast SEO plugin v27.4 - https:\/\/yoast.com\/product\/yoast-seo-wordpress\/ -->\n<title>Un viaje que sana - Fundaci\u00f3n San Genaro<\/title>\n<meta name=\"description\" content=\"Contribuimos a mejorar la calidad de vida de las personas en situaci\u00f3n de vulnerabilidad.\" \/>\n<meta name=\"robots\" content=\"noindex, follow\" \/>\n<meta property=\"og:locale\" content=\"en_US\" \/>\n<meta property=\"og:type\" content=\"article\" \/>\n<meta property=\"og:title\" content=\"Un viaje que sana - Fundaci\u00f3n San Genaro\" \/>\n<meta property=\"og:description\" content=\"Contribuimos a mejorar la calidad de vida de las personas en situaci\u00f3n de vulnerabilidad.\" \/>\n<meta property=\"og:url\" content=\"https:\/\/fundacionsangenaro.org.ar\/en\/un-viaje-que-sana\/\" \/>\n<meta property=\"og:site_name\" content=\"Fundaci\u00f3n San Genaro\" \/>\n<meta property=\"article:publisher\" content=\"https:\/\/www.facebook.com\/fundacionsangenaro\/\" \/>\n<meta property=\"article:published_time\" content=\"2025-09-22T16:11:15+00:00\" \/>\n<meta property=\"article:modified_time\" content=\"2025-09-22T16:11:16+00:00\" \/>\n<meta property=\"og:image\" content=\"https:\/\/fundacionsangenaro.org.ar\/wp-content\/uploads\/2025\/09\/APS.jpeg\" \/>\n\t<meta property=\"og:image:width\" content=\"2499\" \/>\n\t<meta property=\"og:image:height\" content=\"1956\" \/>\n\t<meta property=\"og:image:type\" content=\"image\/jpeg\" \/>\n<meta name=\"author\" content=\"mb000096\" \/>\n<meta name=\"twitter:card\" content=\"summary_large_image\" \/>\n<meta name=\"twitter:label1\" content=\"Written by\" \/>\n\t<meta name=\"twitter:data1\" content=\"mb000096\" \/>\n\t<meta name=\"twitter:label2\" content=\"Est. reading time\" \/>\n\t<meta name=\"twitter:data2\" content=\"2 minutes\" \/>\n<script type=\"application\/ld+json\" class=\"yoast-schema-graph\">{\"@context\":\"https:\\\/\\\/schema.org\",\"@graph\":[{\"@type\":\"Article\",\"@id\":\"https:\\\/\\\/fundacionsangenaro.org.ar\\\/un-viaje-que-sana\\\/#article\",\"isPartOf\":{\"@id\":\"https:\\\/\\\/fundacionsangenaro.org.ar\\\/un-viaje-que-sana\\\/\"},\"author\":{\"name\":\"mb000096\",\"@id\":\"https:\\\/\\\/fundacionsangenaro.org.ar\\\/#\\\/schema\\\/person\\\/7ac679fe0b510f799b858682c8675b26\"},\"headline\":\"Un viaje que sana\",\"datePublished\":\"2025-09-22T16:11:15+00:00\",\"dateModified\":\"2025-09-22T16:11:16+00:00\",\"mainEntityOfPage\":{\"@id\":\"https:\\\/\\\/fundacionsangenaro.org.ar\\\/un-viaje-que-sana\\\/\"},\"wordCount\":319,\"publisher\":{\"@id\":\"https:\\\/\\\/fundacionsangenaro.org.ar\\\/#organization\"},\"image\":{\"@id\":\"https:\\\/\\\/fundacionsangenaro.org.ar\\\/un-viaje-que-sana\\\/#primaryimage\"},\"thumbnailUrl\":\"https:\\\/\\\/fundacionsangenaro.org.ar\\\/wp-content\\\/uploads\\\/2025\\\/09\\\/APS.jpeg\",\"articleSection\":[\"Sin categor\u00eda\"],\"inLanguage\":\"en-US\"},{\"@type\":\"WebPage\",\"@id\":\"https:\\\/\\\/fundacionsangenaro.org.ar\\\/un-viaje-que-sana\\\/\",\"url\":\"https:\\\/\\\/fundacionsangenaro.org.ar\\\/un-viaje-que-sana\\\/\",\"name\":\"Un viaje que sana - Fundaci\u00f3n San Genaro\",\"isPartOf\":{\"@id\":\"https:\\\/\\\/fundacionsangenaro.org.ar\\\/#website\"},\"primaryImageOfPage\":{\"@id\":\"https:\\\/\\\/fundacionsangenaro.org.ar\\\/un-viaje-que-sana\\\/#primaryimage\"},\"image\":{\"@id\":\"https:\\\/\\\/fundacionsangenaro.org.ar\\\/un-viaje-que-sana\\\/#primaryimage\"},\"thumbnailUrl\":\"https:\\\/\\\/fundacionsangenaro.org.ar\\\/wp-content\\\/uploads\\\/2025\\\/09\\\/APS.jpeg\",\"datePublished\":\"2025-09-22T16:11:15+00:00\",\"dateModified\":\"2025-09-22T16:11:16+00:00\",\"description\":\"Contribuimos a mejorar la calidad de vida de las personas en situaci\u00f3n de vulnerabilidad.\",\"breadcrumb\":{\"@id\":\"https:\\\/\\\/fundacionsangenaro.org.ar\\\/un-viaje-que-sana\\\/#breadcrumb\"},\"inLanguage\":\"en-US\",\"potentialAction\":[{\"@type\":\"ReadAction\",\"target\":[\"https:\\\/\\\/fundacionsangenaro.org.ar\\\/un-viaje-que-sana\\\/\"]}]},{\"@type\":\"ImageObject\",\"inLanguage\":\"en-US\",\"@id\":\"https:\\\/\\\/fundacionsangenaro.org.ar\\\/un-viaje-que-sana\\\/#primaryimage\",\"url\":\"https:\\\/\\\/fundacionsangenaro.org.ar\\\/wp-content\\\/uploads\\\/2025\\\/09\\\/APS.jpeg\",\"contentUrl\":\"https:\\\/\\\/fundacionsangenaro.org.ar\\\/wp-content\\\/uploads\\\/2025\\\/09\\\/APS.jpeg\",\"width\":2499,\"height\":1956},{\"@type\":\"BreadcrumbList\",\"@id\":\"https:\\\/\\\/fundacionsangenaro.org.ar\\\/un-viaje-que-sana\\\/#breadcrumb\",\"itemListElement\":[{\"@type\":\"ListItem\",\"position\":1,\"name\":\"Portada\",\"item\":\"https:\\\/\\\/fundacionsangenaro.org.ar\\\/\"},{\"@type\":\"ListItem\",\"position\":2,\"name\":\"Un viaje que sana\"}]},{\"@type\":\"WebSite\",\"@id\":\"https:\\\/\\\/fundacionsangenaro.org.ar\\\/#website\",\"url\":\"https:\\\/\\\/fundacionsangenaro.org.ar\\\/\",\"name\":\"Fundaci\u00f3n San Genaro\",\"description\":\"La solidaridad nos une\",\"publisher\":{\"@id\":\"https:\\\/\\\/fundacionsangenaro.org.ar\\\/#organization\"},\"potentialAction\":[{\"@type\":\"SearchAction\",\"target\":{\"@type\":\"EntryPoint\",\"urlTemplate\":\"https:\\\/\\\/fundacionsangenaro.org.ar\\\/?s={search_term_string}\"},\"query-input\":{\"@type\":\"PropertyValueSpecification\",\"valueRequired\":true,\"valueName\":\"search_term_string\"}}],\"inLanguage\":\"en-US\"},{\"@type\":\"Organization\",\"@id\":\"https:\\\/\\\/fundacionsangenaro.org.ar\\\/#organization\",\"name\":\"Fundaci\u00f3n San Genaro\",\"url\":\"https:\\\/\\\/fundacionsangenaro.org.ar\\\/\",\"logo\":{\"@type\":\"ImageObject\",\"inLanguage\":\"en-US\",\"@id\":\"https:\\\/\\\/fundacionsangenaro.org.ar\\\/#\\\/schema\\\/logo\\\/image\\\/\",\"url\":\"https:\\\/\\\/sangenaro.org\\\/wp-content\\\/uploads\\\/2019\\\/08\\\/logo-azul.svg\",\"contentUrl\":\"https:\\\/\\\/sangenaro.org\\\/wp-content\\\/uploads\\\/2019\\\/08\\\/logo-azul.svg\",\"width\":1,\"height\":1,\"caption\":\"Fundaci\u00f3n San Genaro\"},\"image\":{\"@id\":\"https:\\\/\\\/fundacionsangenaro.org.ar\\\/#\\\/schema\\\/logo\\\/image\\\/\"},\"sameAs\":[\"https:\\\/\\\/www.facebook.com\\\/fundacionsangenaro\\\/\",\"https:\\\/\\\/www.instagram.com\\\/fundacionsangenaro\\\/\"]},{\"@type\":\"Person\",\"@id\":\"https:\\\/\\\/fundacionsangenaro.org.ar\\\/#\\\/schema\\\/person\\\/7ac679fe0b510f799b858682c8675b26\",\"name\":\"mb000096\"}]}<\/script>\n<!-- \/ Yoast SEO plugin. -->","yoast_head_json":{"title":"Un viaje que sana - Fundaci\u00f3n San Genaro","description":"Contribuimos a mejorar la calidad de vida de las personas en situaci\u00f3n de vulnerabilidad.","robots":{"index":"noindex","follow":"follow"},"og_locale":"en_US","og_type":"article","og_title":"Un viaje que sana - Fundaci\u00f3n San Genaro","og_description":"Contribuimos a mejorar la calidad de vida de las personas en situaci\u00f3n de vulnerabilidad.","og_url":"https:\/\/fundacionsangenaro.org.ar\/en\/un-viaje-que-sana\/","og_site_name":"Fundaci\u00f3n San Genaro","article_publisher":"https:\/\/www.facebook.com\/fundacionsangenaro\/","article_published_time":"2025-09-22T16:11:15+00:00","article_modified_time":"2025-09-22T16:11:16+00:00","og_image":[{"width":2499,"height":1956,"url":"https:\/\/fundacionsangenaro.org.ar\/wp-content\/uploads\/2025\/09\/APS.jpeg","type":"image\/jpeg"}],"author":"mb000096","twitter_card":"summary_large_image","twitter_misc":{"Written by":"mb000096","Est. reading time":"2 minutes"},"schema":{"@context":"https:\/\/schema.org","@graph":[{"@type":"Article","@id":"https:\/\/fundacionsangenaro.org.ar\/un-viaje-que-sana\/#article","isPartOf":{"@id":"https:\/\/fundacionsangenaro.org.ar\/un-viaje-que-sana\/"},"author":{"name":"mb000096","@id":"https:\/\/fundacionsangenaro.org.ar\/#\/schema\/person\/7ac679fe0b510f799b858682c8675b26"},"headline":"Un viaje que sana","datePublished":"2025-09-22T16:11:15+00:00","dateModified":"2025-09-22T16:11:16+00:00","mainEntityOfPage":{"@id":"https:\/\/fundacionsangenaro.org.ar\/un-viaje-que-sana\/"},"wordCount":319,"publisher":{"@id":"https:\/\/fundacionsangenaro.org.ar\/#organization"},"image":{"@id":"https:\/\/fundacionsangenaro.org.ar\/un-viaje-que-sana\/#primaryimage"},"thumbnailUrl":"https:\/\/fundacionsangenaro.org.ar\/wp-content\/uploads\/2025\/09\/APS.jpeg","articleSection":["Sin categor\u00eda"],"inLanguage":"en-US"},{"@type":"WebPage","@id":"https:\/\/fundacionsangenaro.org.ar\/un-viaje-que-sana\/","url":"https:\/\/fundacionsangenaro.org.ar\/un-viaje-que-sana\/","name":"Un viaje que sana - Fundaci\u00f3n San Genaro","isPartOf":{"@id":"https:\/\/fundacionsangenaro.org.ar\/#website"},"primaryImageOfPage":{"@id":"https:\/\/fundacionsangenaro.org.ar\/un-viaje-que-sana\/#primaryimage"},"image":{"@id":"https:\/\/fundacionsangenaro.org.ar\/un-viaje-que-sana\/#primaryimage"},"thumbnailUrl":"https:\/\/fundacionsangenaro.org.ar\/wp-content\/uploads\/2025\/09\/APS.jpeg","datePublished":"2025-09-22T16:11:15+00:00","dateModified":"2025-09-22T16:11:16+00:00","description":"Contribuimos a mejorar la calidad de vida de las personas en situaci\u00f3n de vulnerabilidad.","breadcrumb":{"@id":"https:\/\/fundacionsangenaro.org.ar\/un-viaje-que-sana\/#breadcrumb"},"inLanguage":"en-US","potentialAction":[{"@type":"ReadAction","target":["https:\/\/fundacionsangenaro.org.ar\/un-viaje-que-sana\/"]}]},{"@type":"ImageObject","inLanguage":"en-US","@id":"https:\/\/fundacionsangenaro.org.ar\/un-viaje-que-sana\/#primaryimage","url":"https:\/\/fundacionsangenaro.org.ar\/wp-content\/uploads\/2025\/09\/APS.jpeg","contentUrl":"https:\/\/fundacionsangenaro.org.ar\/wp-content\/uploads\/2025\/09\/APS.jpeg","width":2499,"height":1956},{"@type":"BreadcrumbList","@id":"https:\/\/fundacionsangenaro.org.ar\/un-viaje-que-sana\/#breadcrumb","itemListElement":[{"@type":"ListItem","position":1,"name":"Portada","item":"https:\/\/fundacionsangenaro.org.ar\/"},{"@type":"ListItem","position":2,"name":"Un viaje que sana"}]},{"@type":"WebSite","@id":"https:\/\/fundacionsangenaro.org.ar\/#website","url":"https:\/\/fundacionsangenaro.org.ar\/","name":"Fundaci\u00f3n San Genaro","description":"La solidaridad nos une","publisher":{"@id":"https:\/\/fundacionsangenaro.org.ar\/#organization"},"potentialAction":[{"@type":"SearchAction","target":{"@type":"EntryPoint","urlTemplate":"https:\/\/fundacionsangenaro.org.ar\/?s={search_term_string}"},"query-input":{"@type":"PropertyValueSpecification","valueRequired":true,"valueName":"search_term_string"}}],"inLanguage":"en-US"},{"@type":"Organization","@id":"https:\/\/fundacionsangenaro.org.ar\/#organization","name":"Fundaci\u00f3n San Genaro","url":"https:\/\/fundacionsangenaro.org.ar\/","logo":{"@type":"ImageObject","inLanguage":"en-US","@id":"https:\/\/fundacionsangenaro.org.ar\/#\/schema\/logo\/image\/","url":"https:\/\/sangenaro.org\/wp-content\/uploads\/2019\/08\/logo-azul.svg","contentUrl":"https:\/\/sangenaro.org\/wp-content\/uploads\/2019\/08\/logo-azul.svg","width":1,"height":1,"caption":"Fundaci\u00f3n San Genaro"},"image":{"@id":"https:\/\/fundacionsangenaro.org.ar\/#\/schema\/logo\/image\/"},"sameAs":["https:\/\/www.facebook.com\/fundacionsangenaro\/","https:\/\/www.instagram.com\/fundacionsangenaro\/"]},{"@type":"Person","@id":"https:\/\/fundacionsangenaro.org.ar\/#\/schema\/person\/7ac679fe0b510f799b858682c8675b26","name":"mb000096"}]}},"_links":{"self":[{"href":"https:\/\/fundacionsangenaro.org.ar\/en\/wp-json\/wp\/v2\/posts\/1595","targetHints":{"allow":["GET"]}}],"collection":[{"href":"https:\/\/fundacionsangenaro.org.ar\/en\/wp-json\/wp\/v2\/posts"}],"about":[{"href":"https:\/\/fundacionsangenaro.org.ar\/en\/wp-json\/wp\/v2\/types\/post"}],"author":[{"embeddable":true,"href":"https:\/\/fundacionsangenaro.org.ar\/en\/wp-json\/wp\/v2\/users\/2"}],"replies":[{"embeddable":true,"href":"https:\/\/fundacionsangenaro.org.ar\/en\/wp-json\/wp\/v2\/comments?post=1595"}],"version-history":[{"count":1,"href":"https:\/\/fundacionsangenaro.org.ar\/en\/wp-json\/wp\/v2\/posts\/1595\/revisions"}],"predecessor-version":[{"id":1597,"href":"https:\/\/fundacionsangenaro.org.ar\/en\/wp-json\/wp\/v2\/posts\/1595\/revisions\/1597"}],"wp:featuredmedia":[{"embeddable":true,"href":"https:\/\/fundacionsangenaro.org.ar\/en\/wp-json\/wp\/v2\/media\/1596"}],"wp:attachment":[{"href":"https:\/\/fundacionsangenaro.org.ar\/en\/wp-json\/wp\/v2\/media?parent=1595"}],"wp:term":[{"taxonomy":"category","embeddable":true,"href":"https:\/\/fundacionsangenaro.org.ar\/en\/wp-json\/wp\/v2\/categories?post=1595"},{"taxonomy":"post_tag","embeddable":true,"href":"https:\/\/fundacionsangenaro.org.ar\/en\/wp-json\/wp\/v2\/tags?post=1595"}],"curies":[{"name":"wp","href":"https:\/\/api.w.org\/{rel}","templated":true}]}}