{"id":1556,"date":"2025-05-05T11:50:25","date_gmt":"2025-05-05T14:50:25","guid":{"rendered":"https:\/\/fundacionsangenaro.org.ar\/?p=1556"},"modified":"2025-05-05T11:50:26","modified_gmt":"2025-05-05T14:50:26","slug":"sumemos-utiles-llego-a-600-alumnos","status":"publish","type":"post","link":"https:\/\/fundacionsangenaro.org.ar\/en\/sumemos-utiles-llego-a-600-alumnos\/","title":{"rendered":"\u201cSumemos \u00datiles\u201d Reached 600 Students!"},"content":{"rendered":"<p class=\"translation-block\">As we do at the start of every school year, we launched the Sumemos \u00datiles campaign to ensure students in rural areas can begin the academic year with everything they need. And in 2025, we did it again!<\/p>\n\n\n\n<p>Thanks to the support of so many individuals and companies who contributed with donations, we were able to reach over 600 students from 15 rural schools in southern Santiago del Estero with their school supply kits.&nbsp;<strong>m\u00e1s de 600 alumnos de 15 escuelas rurales del sur de Santiago del Estero<\/strong>&nbsp;con sus kits escolares.<\/p>\n\n\n\n<p>We know that in many rural communities, getting school supplies is not easy. That\u2019s why each kit delivered carries much more than just notebooks and pencils\u2014it carries a message of hope, a reminder that learning is worth it, and that they are not alone.&nbsp;<strong>lleva un mensaje de esperanza<\/strong>, de que aprender vale la pena y que no est\u00e1n solos.<\/p>\n\n\n\n<p>It was two weeks of travel, hundreds of kilometers covered, and many emotions shared. At every school, we were welcomed with hugs, smiles, and the excitement of a new beginning. Each encounter was a moment of joy\u2014a way to say: we\u2019re here, in this together.&nbsp;<em>ac\u00e1 estamos, juntos en esto<\/em>.&nbsp;<\/p>\n\n\n\n<p>We want to give a special thanks to the teachers, who always welcome us with open arms and help us reach those who need it most. They are a vital part of making all this possible.\nTo everyone who joined in: thank you from the bottom of our hearts. Because with every gesture, we sow opportunities that can change a life. Because behind every school supply, there\u2019s a story that\u2019s just beginning.&nbsp;<strong>gracias de coraz\u00f3n<\/strong>. Porque con cada gesto, sembramos oportunidades que pueden cambiar una vida. Porque detr\u00e1s de cada \u00fatil, hay una historia que reci\u00e9n empieza.<\/p>\n\n\n\n<figure class=\"wp-block-image size-large\"><a href=\"https:\/\/fundacionsangenaro.org.ar\/wp-content\/uploads\/2025\/05\/Foto1-1-1.jpg\"><img fetchpriority=\"high\" decoding=\"async\" width=\"1024\" height=\"683\" src=\"https:\/\/fundacionsangenaro.org.ar\/wp-content\/uploads\/2025\/05\/Foto1-1-1-1024x683.jpg\" alt=\"\" class=\"wp-image-1558\" srcset=\"https:\/\/fundacionsangenaro.org.ar\/wp-content\/uploads\/2025\/05\/Foto1-1-1-1024x683.jpg 1024w, https:\/\/fundacionsangenaro.org.ar\/wp-content\/uploads\/2025\/05\/Foto1-1-1-300x200.jpg 300w, https:\/\/fundacionsangenaro.org.ar\/wp-content\/uploads\/2025\/05\/Foto1-1-1-768x512.jpg 768w, https:\/\/fundacionsangenaro.org.ar\/wp-content\/uploads\/2025\/05\/Foto1-1-1-1536x1024.jpg 1536w, https:\/\/fundacionsangenaro.org.ar\/wp-content\/uploads\/2025\/05\/Foto1-1-1-18x12.jpg 18w, https:\/\/fundacionsangenaro.org.ar\/wp-content\/uploads\/2025\/05\/Foto1-1-1.jpg 1600w\" sizes=\"(max-width: 1024px) 100vw, 1024px\" \/><\/a><\/figure>","protected":false},"excerpt":{"rendered":"<p>Como cada comienzo de clases, lanzamos la campa\u00f1a&nbsp;Sumemos \u00datiles&nbsp;para que alumnos de zonas rurales puedan arrancar el ciclo lectivo con todo lo necesario. Y este 2025, \u00a1lo volvimos a lograr! Gracias al apoyo de much\u00edsimas personas y empresas que se sumaron con donaciones, pudimos llegar a&nbsp;m\u00e1s de 600 alumnos de 15 escuelas rurales del sur [&hellip;]<\/p>\n","protected":false},"author":2,"featured_media":1559,"comment_status":"closed","ping_status":"open","sticky":false,"template":"","format":"standard","meta":{"inline_featured_image":false,"footnotes":""},"categories":[1],"tags":[],"class_list":["post-1556","post","type-post","status-publish","format-standard","has-post-thumbnail","hentry","category-sin-categoria"],"yoast_head":"<!-- This site is optimized with the Yoast SEO plugin v27.5 - https:\/\/yoast.com\/product\/yoast-seo-wordpress\/ -->\n<title>\u00a1Sumemos \u00datiles lleg\u00f3 a 600 alumnos! - Fundaci\u00f3n San Genaro<\/title>\n<meta name=\"description\" content=\"Contribuimos a mejorar la calidad de vida de las personas en situaci\u00f3n de vulnerabilidad.\" \/>\n<meta name=\"robots\" content=\"noindex, follow\" \/>\n<meta property=\"og:locale\" content=\"en_US\" \/>\n<meta property=\"og:type\" content=\"article\" \/>\n<meta property=\"og:title\" content=\"\u00a1Sumemos \u00datiles lleg\u00f3 a 600 alumnos! - Fundaci\u00f3n San Genaro\" \/>\n<meta property=\"og:description\" content=\"Contribuimos a mejorar la calidad de vida de las personas en situaci\u00f3n de vulnerabilidad.\" \/>\n<meta property=\"og:url\" content=\"https:\/\/fundacionsangenaro.org.ar\/en\/sumemos-utiles-llego-a-600-alumnos\/\" \/>\n<meta property=\"og:site_name\" content=\"Fundaci\u00f3n San Genaro\" \/>\n<meta property=\"article:publisher\" content=\"https:\/\/www.facebook.com\/fundacionsangenaro\/\" \/>\n<meta property=\"article:published_time\" content=\"2025-05-05T14:50:25+00:00\" \/>\n<meta property=\"article:modified_time\" content=\"2025-05-05T14:50:26+00:00\" \/>\n<meta property=\"og:image\" content=\"https:\/\/fundacionsangenaro.org.ar\/wp-content\/uploads\/2025\/05\/Portada-2-1.jpg\" \/>\n\t<meta property=\"og:image:width\" content=\"1280\" \/>\n\t<meta property=\"og:image:height\" content=\"853\" \/>\n\t<meta property=\"og:image:type\" content=\"image\/jpeg\" \/>\n<meta name=\"author\" content=\"mb000096\" \/>\n<meta name=\"twitter:card\" content=\"summary_large_image\" \/>\n<meta name=\"twitter:label1\" content=\"Written by\" \/>\n\t<meta name=\"twitter:data1\" content=\"mb000096\" \/>\n\t<meta name=\"twitter:label2\" content=\"Est. reading time\" \/>\n\t<meta name=\"twitter:data2\" content=\"2 minutes\" \/>\n<script type=\"application\/ld+json\" class=\"yoast-schema-graph\">{\"@context\":\"https:\\\/\\\/schema.org\",\"@graph\":[{\"@type\":\"Article\",\"@id\":\"https:\\\/\\\/fundacionsangenaro.org.ar\\\/sumemos-utiles-llego-a-600-alumnos\\\/#article\",\"isPartOf\":{\"@id\":\"https:\\\/\\\/fundacionsangenaro.org.ar\\\/sumemos-utiles-llego-a-600-alumnos\\\/\"},\"author\":{\"name\":\"mb000096\",\"@id\":\"https:\\\/\\\/fundacionsangenaro.org.ar\\\/#\\\/schema\\\/person\\\/7ac679fe0b510f799b858682c8675b26\"},\"headline\":\"\u00a1Sumemos \u00datiles lleg\u00f3 a 600 alumnos!\",\"datePublished\":\"2025-05-05T14:50:25+00:00\",\"dateModified\":\"2025-05-05T14:50:26+00:00\",\"mainEntityOfPage\":{\"@id\":\"https:\\\/\\\/fundacionsangenaro.org.ar\\\/sumemos-utiles-llego-a-600-alumnos\\\/\"},\"wordCount\":234,\"publisher\":{\"@id\":\"https:\\\/\\\/fundacionsangenaro.org.ar\\\/#organization\"},\"image\":{\"@id\":\"https:\\\/\\\/fundacionsangenaro.org.ar\\\/sumemos-utiles-llego-a-600-alumnos\\\/#primaryimage\"},\"thumbnailUrl\":\"https:\\\/\\\/fundacionsangenaro.org.ar\\\/wp-content\\\/uploads\\\/2025\\\/05\\\/Portada-2-1.jpg\",\"articleSection\":[\"Sin categor\u00eda\"],\"inLanguage\":\"en-US\"},{\"@type\":\"WebPage\",\"@id\":\"https:\\\/\\\/fundacionsangenaro.org.ar\\\/sumemos-utiles-llego-a-600-alumnos\\\/\",\"url\":\"https:\\\/\\\/fundacionsangenaro.org.ar\\\/sumemos-utiles-llego-a-600-alumnos\\\/\",\"name\":\"\u00a1Sumemos \u00datiles lleg\u00f3 a 600 alumnos! - Fundaci\u00f3n San Genaro\",\"isPartOf\":{\"@id\":\"https:\\\/\\\/fundacionsangenaro.org.ar\\\/#website\"},\"primaryImageOfPage\":{\"@id\":\"https:\\\/\\\/fundacionsangenaro.org.ar\\\/sumemos-utiles-llego-a-600-alumnos\\\/#primaryimage\"},\"image\":{\"@id\":\"https:\\\/\\\/fundacionsangenaro.org.ar\\\/sumemos-utiles-llego-a-600-alumnos\\\/#primaryimage\"},\"thumbnailUrl\":\"https:\\\/\\\/fundacionsangenaro.org.ar\\\/wp-content\\\/uploads\\\/2025\\\/05\\\/Portada-2-1.jpg\",\"datePublished\":\"2025-05-05T14:50:25+00:00\",\"dateModified\":\"2025-05-05T14:50:26+00:00\",\"description\":\"Contribuimos a mejorar la calidad de vida de las personas en situaci\u00f3n de vulnerabilidad.\",\"breadcrumb\":{\"@id\":\"https:\\\/\\\/fundacionsangenaro.org.ar\\\/sumemos-utiles-llego-a-600-alumnos\\\/#breadcrumb\"},\"inLanguage\":\"en-US\",\"potentialAction\":[{\"@type\":\"ReadAction\",\"target\":[\"https:\\\/\\\/fundacionsangenaro.org.ar\\\/sumemos-utiles-llego-a-600-alumnos\\\/\"]}]},{\"@type\":\"ImageObject\",\"inLanguage\":\"en-US\",\"@id\":\"https:\\\/\\\/fundacionsangenaro.org.ar\\\/sumemos-utiles-llego-a-600-alumnos\\\/#primaryimage\",\"url\":\"https:\\\/\\\/fundacionsangenaro.org.ar\\\/wp-content\\\/uploads\\\/2025\\\/05\\\/Portada-2-1.jpg\",\"contentUrl\":\"https:\\\/\\\/fundacionsangenaro.org.ar\\\/wp-content\\\/uploads\\\/2025\\\/05\\\/Portada-2-1.jpg\",\"width\":1280,\"height\":853},{\"@type\":\"BreadcrumbList\",\"@id\":\"https:\\\/\\\/fundacionsangenaro.org.ar\\\/sumemos-utiles-llego-a-600-alumnos\\\/#breadcrumb\",\"itemListElement\":[{\"@type\":\"ListItem\",\"position\":1,\"name\":\"Portada\",\"item\":\"https:\\\/\\\/fundacionsangenaro.org.ar\\\/\"},{\"@type\":\"ListItem\",\"position\":2,\"name\":\"\u00a1Sumemos \u00datiles lleg\u00f3 a 600 alumnos!\"}]},{\"@type\":\"WebSite\",\"@id\":\"https:\\\/\\\/fundacionsangenaro.org.ar\\\/#website\",\"url\":\"https:\\\/\\\/fundacionsangenaro.org.ar\\\/\",\"name\":\"Fundaci\u00f3n San Genaro\",\"description\":\"La solidaridad nos une\",\"publisher\":{\"@id\":\"https:\\\/\\\/fundacionsangenaro.org.ar\\\/#organization\"},\"potentialAction\":[{\"@type\":\"SearchAction\",\"target\":{\"@type\":\"EntryPoint\",\"urlTemplate\":\"https:\\\/\\\/fundacionsangenaro.org.ar\\\/?s={search_term_string}\"},\"query-input\":{\"@type\":\"PropertyValueSpecification\",\"valueRequired\":true,\"valueName\":\"search_term_string\"}}],\"inLanguage\":\"en-US\"},{\"@type\":\"Organization\",\"@id\":\"https:\\\/\\\/fundacionsangenaro.org.ar\\\/#organization\",\"name\":\"Fundaci\u00f3n San Genaro\",\"url\":\"https:\\\/\\\/fundacionsangenaro.org.ar\\\/\",\"logo\":{\"@type\":\"ImageObject\",\"inLanguage\":\"en-US\",\"@id\":\"https:\\\/\\\/fundacionsangenaro.org.ar\\\/#\\\/schema\\\/logo\\\/image\\\/\",\"url\":\"https:\\\/\\\/sangenaro.org\\\/wp-content\\\/uploads\\\/2019\\\/08\\\/logo-azul.svg\",\"contentUrl\":\"https:\\\/\\\/sangenaro.org\\\/wp-content\\\/uploads\\\/2019\\\/08\\\/logo-azul.svg\",\"width\":1,\"height\":1,\"caption\":\"Fundaci\u00f3n San Genaro\"},\"image\":{\"@id\":\"https:\\\/\\\/fundacionsangenaro.org.ar\\\/#\\\/schema\\\/logo\\\/image\\\/\"},\"sameAs\":[\"https:\\\/\\\/www.facebook.com\\\/fundacionsangenaro\\\/\",\"https:\\\/\\\/www.instagram.com\\\/fundacionsangenaro\\\/\"]},{\"@type\":\"Person\",\"@id\":\"https:\\\/\\\/fundacionsangenaro.org.ar\\\/#\\\/schema\\\/person\\\/7ac679fe0b510f799b858682c8675b26\",\"name\":\"mb000096\"}]}<\/script>\n<!-- \/ Yoast SEO plugin. -->","yoast_head_json":{"title":"\u00a1Sumemos \u00datiles lleg\u00f3 a 600 alumnos! - Fundaci\u00f3n San Genaro","description":"Contribuimos a mejorar la calidad de vida de las personas en situaci\u00f3n de vulnerabilidad.","robots":{"index":"noindex","follow":"follow"},"og_locale":"en_US","og_type":"article","og_title":"\u00a1Sumemos \u00datiles lleg\u00f3 a 600 alumnos! - Fundaci\u00f3n San Genaro","og_description":"Contribuimos a mejorar la calidad de vida de las personas en situaci\u00f3n de vulnerabilidad.","og_url":"https:\/\/fundacionsangenaro.org.ar\/en\/sumemos-utiles-llego-a-600-alumnos\/","og_site_name":"Fundaci\u00f3n San Genaro","article_publisher":"https:\/\/www.facebook.com\/fundacionsangenaro\/","article_published_time":"2025-05-05T14:50:25+00:00","article_modified_time":"2025-05-05T14:50:26+00:00","og_image":[{"width":1280,"height":853,"url":"https:\/\/fundacionsangenaro.org.ar\/wp-content\/uploads\/2025\/05\/Portada-2-1.jpg","type":"image\/jpeg"}],"author":"mb000096","twitter_card":"summary_large_image","twitter_misc":{"Written by":"mb000096","Est. reading time":"2 minutes"},"schema":{"@context":"https:\/\/schema.org","@graph":[{"@type":"Article","@id":"https:\/\/fundacionsangenaro.org.ar\/sumemos-utiles-llego-a-600-alumnos\/#article","isPartOf":{"@id":"https:\/\/fundacionsangenaro.org.ar\/sumemos-utiles-llego-a-600-alumnos\/"},"author":{"name":"mb000096","@id":"https:\/\/fundacionsangenaro.org.ar\/#\/schema\/person\/7ac679fe0b510f799b858682c8675b26"},"headline":"\u00a1Sumemos \u00datiles lleg\u00f3 a 600 alumnos!","datePublished":"2025-05-05T14:50:25+00:00","dateModified":"2025-05-05T14:50:26+00:00","mainEntityOfPage":{"@id":"https:\/\/fundacionsangenaro.org.ar\/sumemos-utiles-llego-a-600-alumnos\/"},"wordCount":234,"publisher":{"@id":"https:\/\/fundacionsangenaro.org.ar\/#organization"},"image":{"@id":"https:\/\/fundacionsangenaro.org.ar\/sumemos-utiles-llego-a-600-alumnos\/#primaryimage"},"thumbnailUrl":"https:\/\/fundacionsangenaro.org.ar\/wp-content\/uploads\/2025\/05\/Portada-2-1.jpg","articleSection":["Sin categor\u00eda"],"inLanguage":"en-US"},{"@type":"WebPage","@id":"https:\/\/fundacionsangenaro.org.ar\/sumemos-utiles-llego-a-600-alumnos\/","url":"https:\/\/fundacionsangenaro.org.ar\/sumemos-utiles-llego-a-600-alumnos\/","name":"\u00a1Sumemos \u00datiles lleg\u00f3 a 600 alumnos! - Fundaci\u00f3n San Genaro","isPartOf":{"@id":"https:\/\/fundacionsangenaro.org.ar\/#website"},"primaryImageOfPage":{"@id":"https:\/\/fundacionsangenaro.org.ar\/sumemos-utiles-llego-a-600-alumnos\/#primaryimage"},"image":{"@id":"https:\/\/fundacionsangenaro.org.ar\/sumemos-utiles-llego-a-600-alumnos\/#primaryimage"},"thumbnailUrl":"https:\/\/fundacionsangenaro.org.ar\/wp-content\/uploads\/2025\/05\/Portada-2-1.jpg","datePublished":"2025-05-05T14:50:25+00:00","dateModified":"2025-05-05T14:50:26+00:00","description":"Contribuimos a mejorar la calidad de vida de las personas en situaci\u00f3n de vulnerabilidad.","breadcrumb":{"@id":"https:\/\/fundacionsangenaro.org.ar\/sumemos-utiles-llego-a-600-alumnos\/#breadcrumb"},"inLanguage":"en-US","potentialAction":[{"@type":"ReadAction","target":["https:\/\/fundacionsangenaro.org.ar\/sumemos-utiles-llego-a-600-alumnos\/"]}]},{"@type":"ImageObject","inLanguage":"en-US","@id":"https:\/\/fundacionsangenaro.org.ar\/sumemos-utiles-llego-a-600-alumnos\/#primaryimage","url":"https:\/\/fundacionsangenaro.org.ar\/wp-content\/uploads\/2025\/05\/Portada-2-1.jpg","contentUrl":"https:\/\/fundacionsangenaro.org.ar\/wp-content\/uploads\/2025\/05\/Portada-2-1.jpg","width":1280,"height":853},{"@type":"BreadcrumbList","@id":"https:\/\/fundacionsangenaro.org.ar\/sumemos-utiles-llego-a-600-alumnos\/#breadcrumb","itemListElement":[{"@type":"ListItem","position":1,"name":"Portada","item":"https:\/\/fundacionsangenaro.org.ar\/"},{"@type":"ListItem","position":2,"name":"\u00a1Sumemos \u00datiles lleg\u00f3 a 600 alumnos!"}]},{"@type":"WebSite","@id":"https:\/\/fundacionsangenaro.org.ar\/#website","url":"https:\/\/fundacionsangenaro.org.ar\/","name":"Fundaci\u00f3n San Genaro","description":"La solidaridad nos une","publisher":{"@id":"https:\/\/fundacionsangenaro.org.ar\/#organization"},"potentialAction":[{"@type":"SearchAction","target":{"@type":"EntryPoint","urlTemplate":"https:\/\/fundacionsangenaro.org.ar\/?s={search_term_string}"},"query-input":{"@type":"PropertyValueSpecification","valueRequired":true,"valueName":"search_term_string"}}],"inLanguage":"en-US"},{"@type":"Organization","@id":"https:\/\/fundacionsangenaro.org.ar\/#organization","name":"Fundaci\u00f3n San Genaro","url":"https:\/\/fundacionsangenaro.org.ar\/","logo":{"@type":"ImageObject","inLanguage":"en-US","@id":"https:\/\/fundacionsangenaro.org.ar\/#\/schema\/logo\/image\/","url":"https:\/\/sangenaro.org\/wp-content\/uploads\/2019\/08\/logo-azul.svg","contentUrl":"https:\/\/sangenaro.org\/wp-content\/uploads\/2019\/08\/logo-azul.svg","width":1,"height":1,"caption":"Fundaci\u00f3n San Genaro"},"image":{"@id":"https:\/\/fundacionsangenaro.org.ar\/#\/schema\/logo\/image\/"},"sameAs":["https:\/\/www.facebook.com\/fundacionsangenaro\/","https:\/\/www.instagram.com\/fundacionsangenaro\/"]},{"@type":"Person","@id":"https:\/\/fundacionsangenaro.org.ar\/#\/schema\/person\/7ac679fe0b510f799b858682c8675b26","name":"mb000096"}]}},"_links":{"self":[{"href":"https:\/\/fundacionsangenaro.org.ar\/en\/wp-json\/wp\/v2\/posts\/1556","targetHints":{"allow":["GET"]}}],"collection":[{"href":"https:\/\/fundacionsangenaro.org.ar\/en\/wp-json\/wp\/v2\/posts"}],"about":[{"href":"https:\/\/fundacionsangenaro.org.ar\/en\/wp-json\/wp\/v2\/types\/post"}],"author":[{"embeddable":true,"href":"https:\/\/fundacionsangenaro.org.ar\/en\/wp-json\/wp\/v2\/users\/2"}],"replies":[{"embeddable":true,"href":"https:\/\/fundacionsangenaro.org.ar\/en\/wp-json\/wp\/v2\/comments?post=1556"}],"version-history":[{"count":1,"href":"https:\/\/fundacionsangenaro.org.ar\/en\/wp-json\/wp\/v2\/posts\/1556\/revisions"}],"predecessor-version":[{"id":1560,"href":"https:\/\/fundacionsangenaro.org.ar\/en\/wp-json\/wp\/v2\/posts\/1556\/revisions\/1560"}],"wp:featuredmedia":[{"embeddable":true,"href":"https:\/\/fundacionsangenaro.org.ar\/en\/wp-json\/wp\/v2\/media\/1559"}],"wp:attachment":[{"href":"https:\/\/fundacionsangenaro.org.ar\/en\/wp-json\/wp\/v2\/media?parent=1556"}],"wp:term":[{"taxonomy":"category","embeddable":true,"href":"https:\/\/fundacionsangenaro.org.ar\/en\/wp-json\/wp\/v2\/categories?post=1556"},{"taxonomy":"post_tag","embeddable":true,"href":"https:\/\/fundacionsangenaro.org.ar\/en\/wp-json\/wp\/v2\/tags?post=1556"}],"curies":[{"name":"wp","href":"https:\/\/api.w.org\/{rel}","templated":true}]}}