{"id":1492,"date":"2024-11-19T13:12:32","date_gmt":"2024-11-19T16:12:32","guid":{"rendered":"https:\/\/fundacionsangenaro.org.ar\/?p=1492"},"modified":"2024-11-19T13:12:33","modified_gmt":"2024-11-19T16:12:33","slug":"manos-a-la-obra-junto-a-ford-por-la-educacion-rural","status":"publish","type":"post","link":"https:\/\/fundacionsangenaro.org.ar\/en\/manos-a-la-obra-junto-a-ford-por-la-educacion-rural\/","title":{"rendered":"Partnering with Ford to Support Rural Education"},"content":{"rendered":"<p>In October, a volunteer team from Ford joined Fundaci\u00f3n San Genaro on a two-day trip to Santiago del Estero with a clear goal: to get to work on improving rural education.<\/p>\n\n\n\n<p>At School No. 1089 in Puerta del Monte, the team painted the entire exterior of the building and restored the flagpole, renewing a space that symbolizes school unity and pride. They also installed a solar-powered LED lamp, improving a key area shared by the entire community.<\/p>\n\n\n\n<p>The day was filled with connections and smiles. The volunteers engaged in recreational activities with the students and enjoyed a communal lunch with teachers and families. During these moments of play and togetherness, each person brought their best and discovered the transformative power of solidarity.<\/p>\n\n\n\n<p>The Ford team also took the opportunity to visit other schools in the region. At Navarro School, they donated soccer balls to promote outdoor play and sports, while in Paso de Oscares, they engaged in support activities, listening to and spending time with students and educators.<\/p>\n\n\n\n<p>This trip was much more than a volunteer experience. It was an opportunity to learn, to be inspired, and to remember that, when we join forces, we build hope and create an impact that endures.<\/p>","protected":false},"excerpt":{"rendered":"<p>En octubre, un equipo voluntario de Ford se uni\u00f3 a Fundaci\u00f3n San Genaro en un viaje de dos d\u00edas a Santiago del Estero, con un objetivo claro: poner manos a la obra para mejorar la educaci\u00f3n rural. En la Escuela n\u00b0 1089 de Puerta del Monte, el equipo pint\u00f3 todo el exterior del edificio y [&hellip;]<\/p>\n","protected":false},"author":2,"featured_media":1493,"comment_status":"closed","ping_status":"open","sticky":false,"template":"","format":"standard","meta":{"inline_featured_image":false,"footnotes":""},"categories":[1],"tags":[],"class_list":["post-1492","post","type-post","status-publish","format-standard","has-post-thumbnail","hentry","category-sin-categoria"],"yoast_head":"<!-- This site is optimized with the Yoast SEO plugin v27.5 - https:\/\/yoast.com\/product\/yoast-seo-wordpress\/ -->\n<title>\u00a1Manos a la obra! Junto a Ford por la educaci\u00f3n rural - Fundaci\u00f3n San Genaro<\/title>\n<meta name=\"description\" content=\"Contribuimos a mejorar la calidad de vida de las personas en situaci\u00f3n de vulnerabilidad.\" \/>\n<meta name=\"robots\" content=\"noindex, follow\" \/>\n<meta property=\"og:locale\" content=\"en_US\" \/>\n<meta property=\"og:type\" content=\"article\" \/>\n<meta property=\"og:title\" content=\"\u00a1Manos a la obra! Junto a Ford por la educaci\u00f3n rural - Fundaci\u00f3n San Genaro\" \/>\n<meta property=\"og:description\" content=\"Contribuimos a mejorar la calidad de vida de las personas en situaci\u00f3n de vulnerabilidad.\" \/>\n<meta property=\"og:url\" content=\"https:\/\/fundacionsangenaro.org.ar\/en\/manos-a-la-obra-junto-a-ford-por-la-educacion-rural\/\" \/>\n<meta property=\"og:site_name\" content=\"Fundaci\u00f3n San Genaro\" \/>\n<meta property=\"article:publisher\" content=\"https:\/\/www.facebook.com\/fundacionsangenaro\/\" \/>\n<meta property=\"article:published_time\" content=\"2024-11-19T16:12:32+00:00\" \/>\n<meta property=\"article:modified_time\" content=\"2024-11-19T16:12:33+00:00\" \/>\n<meta property=\"og:image\" content=\"https:\/\/fundacionsangenaro.org.ar\/wp-content\/uploads\/2024\/11\/Ford.jpg\" \/>\n\t<meta property=\"og:image:width\" content=\"1223\" \/>\n\t<meta property=\"og:image:height\" content=\"696\" \/>\n\t<meta property=\"og:image:type\" content=\"image\/jpeg\" \/>\n<meta name=\"author\" content=\"mb000096\" \/>\n<meta name=\"twitter:card\" content=\"summary_large_image\" \/>\n<meta name=\"twitter:label1\" content=\"Written by\" \/>\n\t<meta name=\"twitter:data1\" content=\"mb000096\" \/>\n\t<meta name=\"twitter:label2\" content=\"Est. reading time\" \/>\n\t<meta name=\"twitter:data2\" content=\"2 minutes\" \/>\n<script type=\"application\/ld+json\" class=\"yoast-schema-graph\">{\"@context\":\"https:\\\/\\\/schema.org\",\"@graph\":[{\"@type\":\"Article\",\"@id\":\"https:\\\/\\\/fundacionsangenaro.org.ar\\\/manos-a-la-obra-junto-a-ford-por-la-educacion-rural\\\/#article\",\"isPartOf\":{\"@id\":\"https:\\\/\\\/fundacionsangenaro.org.ar\\\/manos-a-la-obra-junto-a-ford-por-la-educacion-rural\\\/\"},\"author\":{\"name\":\"mb000096\",\"@id\":\"https:\\\/\\\/fundacionsangenaro.org.ar\\\/#\\\/schema\\\/person\\\/7ac679fe0b510f799b858682c8675b26\"},\"headline\":\"\u00a1Manos a la obra! Junto a Ford por la educaci\u00f3n rural\",\"datePublished\":\"2024-11-19T16:12:32+00:00\",\"dateModified\":\"2024-11-19T16:12:33+00:00\",\"mainEntityOfPage\":{\"@id\":\"https:\\\/\\\/fundacionsangenaro.org.ar\\\/manos-a-la-obra-junto-a-ford-por-la-educacion-rural\\\/\"},\"wordCount\":256,\"publisher\":{\"@id\":\"https:\\\/\\\/fundacionsangenaro.org.ar\\\/#organization\"},\"image\":{\"@id\":\"https:\\\/\\\/fundacionsangenaro.org.ar\\\/manos-a-la-obra-junto-a-ford-por-la-educacion-rural\\\/#primaryimage\"},\"thumbnailUrl\":\"https:\\\/\\\/fundacionsangenaro.org.ar\\\/wp-content\\\/uploads\\\/2024\\\/11\\\/Ford.jpg\",\"articleSection\":[\"Sin categor\u00eda\"],\"inLanguage\":\"en-US\"},{\"@type\":\"WebPage\",\"@id\":\"https:\\\/\\\/fundacionsangenaro.org.ar\\\/manos-a-la-obra-junto-a-ford-por-la-educacion-rural\\\/\",\"url\":\"https:\\\/\\\/fundacionsangenaro.org.ar\\\/manos-a-la-obra-junto-a-ford-por-la-educacion-rural\\\/\",\"name\":\"\u00a1Manos a la obra! Junto a Ford por la educaci\u00f3n rural - Fundaci\u00f3n San Genaro\",\"isPartOf\":{\"@id\":\"https:\\\/\\\/fundacionsangenaro.org.ar\\\/#website\"},\"primaryImageOfPage\":{\"@id\":\"https:\\\/\\\/fundacionsangenaro.org.ar\\\/manos-a-la-obra-junto-a-ford-por-la-educacion-rural\\\/#primaryimage\"},\"image\":{\"@id\":\"https:\\\/\\\/fundacionsangenaro.org.ar\\\/manos-a-la-obra-junto-a-ford-por-la-educacion-rural\\\/#primaryimage\"},\"thumbnailUrl\":\"https:\\\/\\\/fundacionsangenaro.org.ar\\\/wp-content\\\/uploads\\\/2024\\\/11\\\/Ford.jpg\",\"datePublished\":\"2024-11-19T16:12:32+00:00\",\"dateModified\":\"2024-11-19T16:12:33+00:00\",\"description\":\"Contribuimos a mejorar la calidad de vida de las personas en situaci\u00f3n de vulnerabilidad.\",\"breadcrumb\":{\"@id\":\"https:\\\/\\\/fundacionsangenaro.org.ar\\\/manos-a-la-obra-junto-a-ford-por-la-educacion-rural\\\/#breadcrumb\"},\"inLanguage\":\"en-US\",\"potentialAction\":[{\"@type\":\"ReadAction\",\"target\":[\"https:\\\/\\\/fundacionsangenaro.org.ar\\\/manos-a-la-obra-junto-a-ford-por-la-educacion-rural\\\/\"]}]},{\"@type\":\"ImageObject\",\"inLanguage\":\"en-US\",\"@id\":\"https:\\\/\\\/fundacionsangenaro.org.ar\\\/manos-a-la-obra-junto-a-ford-por-la-educacion-rural\\\/#primaryimage\",\"url\":\"https:\\\/\\\/fundacionsangenaro.org.ar\\\/wp-content\\\/uploads\\\/2024\\\/11\\\/Ford.jpg\",\"contentUrl\":\"https:\\\/\\\/fundacionsangenaro.org.ar\\\/wp-content\\\/uploads\\\/2024\\\/11\\\/Ford.jpg\",\"width\":1223,\"height\":696},{\"@type\":\"BreadcrumbList\",\"@id\":\"https:\\\/\\\/fundacionsangenaro.org.ar\\\/manos-a-la-obra-junto-a-ford-por-la-educacion-rural\\\/#breadcrumb\",\"itemListElement\":[{\"@type\":\"ListItem\",\"position\":1,\"name\":\"Portada\",\"item\":\"https:\\\/\\\/fundacionsangenaro.org.ar\\\/\"},{\"@type\":\"ListItem\",\"position\":2,\"name\":\"\u00a1Manos a la obra! Junto a Ford por la educaci\u00f3n rural\"}]},{\"@type\":\"WebSite\",\"@id\":\"https:\\\/\\\/fundacionsangenaro.org.ar\\\/#website\",\"url\":\"https:\\\/\\\/fundacionsangenaro.org.ar\\\/\",\"name\":\"Fundaci\u00f3n San Genaro\",\"description\":\"La solidaridad nos une\",\"publisher\":{\"@id\":\"https:\\\/\\\/fundacionsangenaro.org.ar\\\/#organization\"},\"potentialAction\":[{\"@type\":\"SearchAction\",\"target\":{\"@type\":\"EntryPoint\",\"urlTemplate\":\"https:\\\/\\\/fundacionsangenaro.org.ar\\\/?s={search_term_string}\"},\"query-input\":{\"@type\":\"PropertyValueSpecification\",\"valueRequired\":true,\"valueName\":\"search_term_string\"}}],\"inLanguage\":\"en-US\"},{\"@type\":\"Organization\",\"@id\":\"https:\\\/\\\/fundacionsangenaro.org.ar\\\/#organization\",\"name\":\"Fundaci\u00f3n San Genaro\",\"url\":\"https:\\\/\\\/fundacionsangenaro.org.ar\\\/\",\"logo\":{\"@type\":\"ImageObject\",\"inLanguage\":\"en-US\",\"@id\":\"https:\\\/\\\/fundacionsangenaro.org.ar\\\/#\\\/schema\\\/logo\\\/image\\\/\",\"url\":\"https:\\\/\\\/sangenaro.org\\\/wp-content\\\/uploads\\\/2019\\\/08\\\/logo-azul.svg\",\"contentUrl\":\"https:\\\/\\\/sangenaro.org\\\/wp-content\\\/uploads\\\/2019\\\/08\\\/logo-azul.svg\",\"width\":1,\"height\":1,\"caption\":\"Fundaci\u00f3n San Genaro\"},\"image\":{\"@id\":\"https:\\\/\\\/fundacionsangenaro.org.ar\\\/#\\\/schema\\\/logo\\\/image\\\/\"},\"sameAs\":[\"https:\\\/\\\/www.facebook.com\\\/fundacionsangenaro\\\/\",\"https:\\\/\\\/www.instagram.com\\\/fundacionsangenaro\\\/\"]},{\"@type\":\"Person\",\"@id\":\"https:\\\/\\\/fundacionsangenaro.org.ar\\\/#\\\/schema\\\/person\\\/7ac679fe0b510f799b858682c8675b26\",\"name\":\"mb000096\"}]}<\/script>\n<!-- \/ Yoast SEO plugin. -->","yoast_head_json":{"title":"\u00a1Manos a la obra! Junto a Ford por la educaci\u00f3n rural - Fundaci\u00f3n San Genaro","description":"Contribuimos a mejorar la calidad de vida de las personas en situaci\u00f3n de vulnerabilidad.","robots":{"index":"noindex","follow":"follow"},"og_locale":"en_US","og_type":"article","og_title":"\u00a1Manos a la obra! Junto a Ford por la educaci\u00f3n rural - Fundaci\u00f3n San Genaro","og_description":"Contribuimos a mejorar la calidad de vida de las personas en situaci\u00f3n de vulnerabilidad.","og_url":"https:\/\/fundacionsangenaro.org.ar\/en\/manos-a-la-obra-junto-a-ford-por-la-educacion-rural\/","og_site_name":"Fundaci\u00f3n San Genaro","article_publisher":"https:\/\/www.facebook.com\/fundacionsangenaro\/","article_published_time":"2024-11-19T16:12:32+00:00","article_modified_time":"2024-11-19T16:12:33+00:00","og_image":[{"width":1223,"height":696,"url":"https:\/\/fundacionsangenaro.org.ar\/wp-content\/uploads\/2024\/11\/Ford.jpg","type":"image\/jpeg"}],"author":"mb000096","twitter_card":"summary_large_image","twitter_misc":{"Written by":"mb000096","Est. reading time":"2 minutes"},"schema":{"@context":"https:\/\/schema.org","@graph":[{"@type":"Article","@id":"https:\/\/fundacionsangenaro.org.ar\/manos-a-la-obra-junto-a-ford-por-la-educacion-rural\/#article","isPartOf":{"@id":"https:\/\/fundacionsangenaro.org.ar\/manos-a-la-obra-junto-a-ford-por-la-educacion-rural\/"},"author":{"name":"mb000096","@id":"https:\/\/fundacionsangenaro.org.ar\/#\/schema\/person\/7ac679fe0b510f799b858682c8675b26"},"headline":"\u00a1Manos a la obra! Junto a Ford por la educaci\u00f3n rural","datePublished":"2024-11-19T16:12:32+00:00","dateModified":"2024-11-19T16:12:33+00:00","mainEntityOfPage":{"@id":"https:\/\/fundacionsangenaro.org.ar\/manos-a-la-obra-junto-a-ford-por-la-educacion-rural\/"},"wordCount":256,"publisher":{"@id":"https:\/\/fundacionsangenaro.org.ar\/#organization"},"image":{"@id":"https:\/\/fundacionsangenaro.org.ar\/manos-a-la-obra-junto-a-ford-por-la-educacion-rural\/#primaryimage"},"thumbnailUrl":"https:\/\/fundacionsangenaro.org.ar\/wp-content\/uploads\/2024\/11\/Ford.jpg","articleSection":["Sin categor\u00eda"],"inLanguage":"en-US"},{"@type":"WebPage","@id":"https:\/\/fundacionsangenaro.org.ar\/manos-a-la-obra-junto-a-ford-por-la-educacion-rural\/","url":"https:\/\/fundacionsangenaro.org.ar\/manos-a-la-obra-junto-a-ford-por-la-educacion-rural\/","name":"\u00a1Manos a la obra! Junto a Ford por la educaci\u00f3n rural - Fundaci\u00f3n San Genaro","isPartOf":{"@id":"https:\/\/fundacionsangenaro.org.ar\/#website"},"primaryImageOfPage":{"@id":"https:\/\/fundacionsangenaro.org.ar\/manos-a-la-obra-junto-a-ford-por-la-educacion-rural\/#primaryimage"},"image":{"@id":"https:\/\/fundacionsangenaro.org.ar\/manos-a-la-obra-junto-a-ford-por-la-educacion-rural\/#primaryimage"},"thumbnailUrl":"https:\/\/fundacionsangenaro.org.ar\/wp-content\/uploads\/2024\/11\/Ford.jpg","datePublished":"2024-11-19T16:12:32+00:00","dateModified":"2024-11-19T16:12:33+00:00","description":"Contribuimos a mejorar la calidad de vida de las personas en situaci\u00f3n de vulnerabilidad.","breadcrumb":{"@id":"https:\/\/fundacionsangenaro.org.ar\/manos-a-la-obra-junto-a-ford-por-la-educacion-rural\/#breadcrumb"},"inLanguage":"en-US","potentialAction":[{"@type":"ReadAction","target":["https:\/\/fundacionsangenaro.org.ar\/manos-a-la-obra-junto-a-ford-por-la-educacion-rural\/"]}]},{"@type":"ImageObject","inLanguage":"en-US","@id":"https:\/\/fundacionsangenaro.org.ar\/manos-a-la-obra-junto-a-ford-por-la-educacion-rural\/#primaryimage","url":"https:\/\/fundacionsangenaro.org.ar\/wp-content\/uploads\/2024\/11\/Ford.jpg","contentUrl":"https:\/\/fundacionsangenaro.org.ar\/wp-content\/uploads\/2024\/11\/Ford.jpg","width":1223,"height":696},{"@type":"BreadcrumbList","@id":"https:\/\/fundacionsangenaro.org.ar\/manos-a-la-obra-junto-a-ford-por-la-educacion-rural\/#breadcrumb","itemListElement":[{"@type":"ListItem","position":1,"name":"Portada","item":"https:\/\/fundacionsangenaro.org.ar\/"},{"@type":"ListItem","position":2,"name":"\u00a1Manos a la obra! Junto a Ford por la educaci\u00f3n rural"}]},{"@type":"WebSite","@id":"https:\/\/fundacionsangenaro.org.ar\/#website","url":"https:\/\/fundacionsangenaro.org.ar\/","name":"Fundaci\u00f3n San Genaro","description":"La solidaridad nos une","publisher":{"@id":"https:\/\/fundacionsangenaro.org.ar\/#organization"},"potentialAction":[{"@type":"SearchAction","target":{"@type":"EntryPoint","urlTemplate":"https:\/\/fundacionsangenaro.org.ar\/?s={search_term_string}"},"query-input":{"@type":"PropertyValueSpecification","valueRequired":true,"valueName":"search_term_string"}}],"inLanguage":"en-US"},{"@type":"Organization","@id":"https:\/\/fundacionsangenaro.org.ar\/#organization","name":"Fundaci\u00f3n San Genaro","url":"https:\/\/fundacionsangenaro.org.ar\/","logo":{"@type":"ImageObject","inLanguage":"en-US","@id":"https:\/\/fundacionsangenaro.org.ar\/#\/schema\/logo\/image\/","url":"https:\/\/sangenaro.org\/wp-content\/uploads\/2019\/08\/logo-azul.svg","contentUrl":"https:\/\/sangenaro.org\/wp-content\/uploads\/2019\/08\/logo-azul.svg","width":1,"height":1,"caption":"Fundaci\u00f3n San Genaro"},"image":{"@id":"https:\/\/fundacionsangenaro.org.ar\/#\/schema\/logo\/image\/"},"sameAs":["https:\/\/www.facebook.com\/fundacionsangenaro\/","https:\/\/www.instagram.com\/fundacionsangenaro\/"]},{"@type":"Person","@id":"https:\/\/fundacionsangenaro.org.ar\/#\/schema\/person\/7ac679fe0b510f799b858682c8675b26","name":"mb000096"}]}},"_links":{"self":[{"href":"https:\/\/fundacionsangenaro.org.ar\/en\/wp-json\/wp\/v2\/posts\/1492","targetHints":{"allow":["GET"]}}],"collection":[{"href":"https:\/\/fundacionsangenaro.org.ar\/en\/wp-json\/wp\/v2\/posts"}],"about":[{"href":"https:\/\/fundacionsangenaro.org.ar\/en\/wp-json\/wp\/v2\/types\/post"}],"author":[{"embeddable":true,"href":"https:\/\/fundacionsangenaro.org.ar\/en\/wp-json\/wp\/v2\/users\/2"}],"replies":[{"embeddable":true,"href":"https:\/\/fundacionsangenaro.org.ar\/en\/wp-json\/wp\/v2\/comments?post=1492"}],"version-history":[{"count":1,"href":"https:\/\/fundacionsangenaro.org.ar\/en\/wp-json\/wp\/v2\/posts\/1492\/revisions"}],"predecessor-version":[{"id":1494,"href":"https:\/\/fundacionsangenaro.org.ar\/en\/wp-json\/wp\/v2\/posts\/1492\/revisions\/1494"}],"wp:featuredmedia":[{"embeddable":true,"href":"https:\/\/fundacionsangenaro.org.ar\/en\/wp-json\/wp\/v2\/media\/1493"}],"wp:attachment":[{"href":"https:\/\/fundacionsangenaro.org.ar\/en\/wp-json\/wp\/v2\/media?parent=1492"}],"wp:term":[{"taxonomy":"category","embeddable":true,"href":"https:\/\/fundacionsangenaro.org.ar\/en\/wp-json\/wp\/v2\/categories?post=1492"},{"taxonomy":"post_tag","embeddable":true,"href":"https:\/\/fundacionsangenaro.org.ar\/en\/wp-json\/wp\/v2\/tags?post=1492"}],"curies":[{"name":"wp","href":"https:\/\/api.w.org\/{rel}","templated":true}]}}